{"id":63574,"date":"2025-06-27T15:33:59","date_gmt":"2025-06-27T15:33:59","guid":{"rendered":"https:\/\/valparaiso.proximasistemas.com.mx\/?post_type=valpa_blog_pt&#038;p=63574"},"modified":"2025-06-27T16:15:39","modified_gmt":"2025-06-27T16:15:39","slug":"el-duelo-dejar-ir","status":"publish","type":"valpa_blog_pt","link":"https:\/\/valparaiso.proximasistemas.com.mx\/?valpa_blog_pt=el-duelo-dejar-ir","title":{"rendered":"El duelo, dejar ir"},"content":{"rendered":"<p>Cuando hablamos de muerte indudablemente pensamos en un cuerpo inerte, de color azulado, un funeral, un cortejo y la ausencia. Sin embargo, desde el momento en que nacemos enfrentamos peque\u00f1as muertes, p\u00e9rdidas y as\u00ed vamos por la vida con duelos constantes sin darnos cuenta de que esas peque\u00f1as cosas que vamos perdiendo representan crecimiento en nuestra vida.<\/p>\n<p>Jorge Bucay en el libro El camino de las l\u00e1grimas, realiza una reflexi\u00f3n sobre las p\u00e9rdidas que vamos teniendo a lo largo de la vida, personas que se van y no porque mueran, solamente ya no forman parte de nuestro camino; situaciones, empleos, hobbies, la edad, vivencias, el qui\u00e9n somos y claro, todo implica dolor, \u201ceste cambio sea interno o externo conlleva SIEMPRE un proceso de activa adaptaci\u00f3n a lo que tiene de nuevo lo diferente y a lo que tiene de diferente lo nuevo, aunque sea mejor. Este proceso se conoce con el nombre de \u201celaboraci\u00f3n del duelo\u201d (Bucay; 2012:13), por lo tanto, la vida es un constante duelo.<\/p>\n<p>Como cuando concluye el primer noviazgo es un dolor indescriptible, crees que ya no querr\u00e1s a nadie m\u00e1s porque creemos que vamos a estar juntos siempre, pero pasa el tiempo nuevas personas llegan y con ellas nuevas experiencias; nuevos duelos.<\/p>\n<p>Dejar a los amigos porque cada uno eligi\u00f3 una carrera diferente, irte a la ciudad a estudiar la Universidad, son peque\u00f1as muertes, dejar tu primer empleo, tu primer departamento que convierten en p\u00e9rdidas necesarias que nos van a acompa\u00f1ar toda la vida y est\u00e1s p\u00e9rdidas siempre van a ser un constante en nuestras vidas, son formas de \u201cconciencia inevitable\u201d (17); todas las p\u00e9rdidas necesarias nos llevan a un crecimiento individual, crecemos a trav\u00e9s de ellas, \u201csomos quienes somos gracias a todo lo perdido y a c\u00f3mo nos hemos conducido frente a esas p\u00e9rdidas\u201d (18).<\/p>\n<p>Toda p\u00e9rdida nos conecta con el dolor, con el camino de las l\u00e1grimas, que nos ense\u00f1a a aceptar el v\u00ednculo vital que existe entre las p\u00e9rdidas y las adquisiciones. Este camino se\u00f1ala que debemos renunciar a lo que ya no est\u00e1 y eso es madurar\u201d (18), es decir, somos el resultado del crecimiento y del desarrollo de c\u00f3mo enfrentamos las experiencias penosas.<\/p>\n<p>La impotencia, la desolaci\u00f3n, el enojo, el vac\u00edo, el dolor, la angustia, el desconcierto y la nostalgia son emociones que enfrentamos para superar una p\u00e9rdida, s\u00f3lo desde la frustraci\u00f3n es como evolucionamos y crecemos, darse el permiso de experimentar cada emoci\u00f3n es parte de sanar, afrontarlas y superarlas nos llevan a ese crecimiento.<\/p>\n<p>El camino de las l\u00e1grimas como describe Bucay el camino de la vida se compone de dolor, tristeza y superaci\u00f3n, pero hay puntos antes de la superaci\u00f3n que es el sufrimiento y la negaci\u00f3n. Cuando caemos en negaci\u00f3n no hay avance, el dolor solo se posterga afectando otros componentes de la vida; en cambio el sufrimiento es parte de la lealtad consciente con lo ausente que lo hace visible. Vivir el duelo por la p\u00e9rdida tiende a la aceptaci\u00f3n y a la armonizaci\u00f3n de nuestra realidad interna y externa.<\/p>\n<p>Hemos escuchado a personas mayores decir que la vida duele, duele la identidad, duele el cuerpo, duele la soledad, duele el dolor de la familia y amigos, duele el alma, el pasado, el presente y el futuro, pero a pesar de todo el dolor de la vida, la muerte de un ser querido es la experiencia m\u00e1s dolorosa.<\/p>\n<p>Sobre todo, si es un miembro de la familia de origen como padres, hermanos o hijos el dolor es tan conmocionante, y el duelo se vuelve m\u00e1s dif\u00edcil de llevar ya que toda la familia est\u00e1 sufriendo. La peor parte de estas p\u00e9rdidas est\u00e1n en las celebraciones porque todo se inunda de recuerdos.<br \/>\nAnte duelos tan dif\u00edciles lo mejor que tenemos es conectar con la lucha, con el deseo de seguir, con las ganas de vivir a pesar del dolor y del temor; recordar porque vale la pena vivir la vida.<\/p>\n<p>El dolor, al final, va a ense\u00f1arnos a darle un sentido nuevo a la vida, a cambiar valores y prioridades; trilladamente se dice qu\u00e9 el tiempo todo lo sana, es cierto al final solo con \u201cel tiempo se supera la muerte de la persona amada. Y llega el d\u00eda en que puedas decir que la vida contin\u00faa y que te sientas feliz de estar vivo, sin necesidad de olvidar a quien ya no est\u00e1\u201d (107).<\/p>\n<p>Como seres humanos hablar de la muerte siempre es dif\u00edcil, pero no tomamos conciencia de esas muertes diarias que enfrentamos; como aquellos que est\u00e1n lidiando un divorcio; la jubilaci\u00f3n por vejez, que raramente se piensa como un duelo, sin embargo, representa la muerte de una etapa de plenitud, de logros laborales y es sin\u00f3nimo de dependencia forzada; lo mismo pasa con el duelo ante la p\u00e9rdida de la salud, entramos en negaci\u00f3n; debemos permitirnos vivir el duelo de cada muerte para descubrir constantemente lo nuevo que nos trae la vida.<\/p>\n<p>Al final todos sabremos c\u00f3mo recuperarnos de un duelo, y que al igual que una herida o un dolor de est\u00f3mago solo se necesita tiempo, el deseo de seguir viviendo a pesar de las circunstancias, entender que nada es eterno y que el \u00fanico camino para terminar con las l\u00e1grimas es a trav\u00e9s de ellas.<\/p>\n<p>&nbsp;<\/p>\n<p><strong>REFERENCIAS<\/strong><\/p>\n<p>Bucay, Jorge (2012). El camino de las l\u00e1grimas [archivo PDF]. <a target=\"_blank\" href=\"https:\/\/acortar.link\/XQpAnv\">https:\/\/acortar.link\/XQpAnv<\/a><\/p>\n<p>Cl\u00ednica GALATEA (octubre, 2019).\u00bfQu\u00e9 es el duelo? <a target=\"_blank\" href=\"https:\/\/acortar.link\/nuyYS\">https:\/\/acortar.link\/nuyYS<\/a><\/p>\n<p>Vargas Solano, Rosa Elena (sep. 2003). Duelo y p\u00e9rdida. Scielo. Medicina legal de Costa Rica. <a target=\"_blank\" href=\"https:\/\/acortar.link\/KZPo7W\">https:\/\/acortar.link\/KZPo7W<\/a><\/p>\n<p>Figueroa, Mar\u00eda Jos\u00e9, Rebeca C\u00e1ceres, et. al. (sep. 2020). Duelo. Manual de capacitaci\u00f3n para acompa\u00f1amiento y abordaje de duelo [archivo PDF]. <a target=\"_blank\" href=\"https:\/\/acortar.link\/BBTvsi\">https:\/\/acortar.link\/BBTvsi<\/a><\/p>\n<p>Segal Jeanne, Ph.D., Melinda Smith, et.al. (febrero, 2024). P\u00e9rdida y duelo. C\u00f3mo sobrellevar la p\u00e9rdida y el duelo. HelpGuide. <a target=\"_blank\" href=\"https:\/\/acortar.link\/yTxNWk\">https:\/\/acortar.link\/yTxNWk<\/a><\/p>\n","protected":false},"excerpt":{"rendered":"<p>Cuando hablamos de muerte indudablemente pensamos en un cuerpo inerte, de color azulado, un funeral, un cortejo y la ausencia.<\/p>\n","protected":false},"featured_media":63569,"template":"","categories":[],"class_list":["post-63574","valpa_blog_pt","type-valpa_blog_pt","status-publish","has-post-thumbnail","hentry"],"yoast_head":"<!-- This site is optimized with the Yoast SEO plugin v27.2 - https:\/\/yoast.com\/product\/yoast-seo-wordpress\/ -->\n<title>Blog | Valpara\u00edso<\/title>\n<meta name=\"description\" content=\"Reflexiones y art\u00edculos sobre el duelo, la cultura funeraria y los procesos de despedida. Informaci\u00f3n clara, humana y respetuosa para acompa\u00f1arte en momentos dif\u00edciles.\" \/>\n<meta name=\"robots\" content=\"index, follow, max-snippet:-1, max-image-preview:large, max-video-preview:-1\" \/>\n<link rel=\"canonical\" href=\"https:\/\/valparaiso.proximasistemas.com.mx\/?valpa_blog_pt=el-duelo-dejar-ir\" \/>\n<meta property=\"og:locale\" content=\"es_ES\" \/>\n<meta property=\"og:type\" content=\"article\" \/>\n<meta property=\"og:title\" content=\"Blog | Valpara\u00edso\" \/>\n<meta property=\"og:description\" content=\"Reflexiones y art\u00edculos sobre el duelo, la cultura funeraria y los procesos de despedida. Informaci\u00f3n clara, humana y respetuosa para acompa\u00f1arte en momentos dif\u00edciles.\" \/>\n<meta property=\"og:url\" content=\"https:\/\/valparaiso.proximasistemas.com.mx\/?valpa_blog_pt=el-duelo-dejar-ir\" \/>\n<meta property=\"og:site_name\" content=\"Valparaiso\" \/>\n<meta property=\"article:publisher\" content=\"https:\/\/www.facebook.com\/FuneralesValparaiso\" \/>\n<meta property=\"article:modified_time\" content=\"2025-06-27T16:15:39+00:00\" \/>\n<meta property=\"og:image\" content=\"https:\/\/valparaiso.proximasistemas.com.mx\/wp-content\/uploads\/2025\/06\/articulo-blog-dejar-ir.jpg\" \/>\n\t<meta property=\"og:image:width\" content=\"1500\" \/>\n\t<meta property=\"og:image:height\" content=\"1500\" \/>\n\t<meta property=\"og:image:type\" content=\"image\/jpeg\" \/>\n<meta name=\"twitter:card\" content=\"summary_large_image\" \/>\n<meta name=\"twitter:label1\" content=\"Tiempo de lectura\" \/>\n\t<meta name=\"twitter:data1\" content=\"5 minutos\" \/>\n<script type=\"application\/ld+json\" class=\"yoast-schema-graph\">{\"@context\":\"https:\/\/schema.org\",\"@graph\":[{\"@type\":\"WebPage\",\"@id\":\"https:\/\/valparaiso.proximasistemas.com.mx\/?valpa_blog_pt=el-duelo-dejar-ir\",\"url\":\"https:\/\/valparaiso.proximasistemas.com.mx\/?valpa_blog_pt=el-duelo-dejar-ir\",\"name\":\"Blog | Valpara\u00edso\",\"isPartOf\":{\"@id\":\"https:\/\/valparaiso.proximasistemas.com.mx\/#website\"},\"primaryImageOfPage\":{\"@id\":\"https:\/\/valparaiso.proximasistemas.com.mx\/?valpa_blog_pt=el-duelo-dejar-ir#primaryimage\"},\"image\":{\"@id\":\"https:\/\/valparaiso.proximasistemas.com.mx\/?valpa_blog_pt=el-duelo-dejar-ir#primaryimage\"},\"thumbnailUrl\":\"https:\/\/valparaiso.proximasistemas.com.mx\/wp-content\/uploads\/2025\/06\/articulo-blog-dejar-ir.jpg\",\"datePublished\":\"2025-06-27T15:33:59+00:00\",\"dateModified\":\"2025-06-27T16:15:39+00:00\",\"description\":\"Reflexiones y art\u00edculos sobre el duelo, la cultura funeraria y los procesos de despedida. Informaci\u00f3n clara, humana y respetuosa para acompa\u00f1arte en momentos dif\u00edciles.\",\"breadcrumb\":{\"@id\":\"https:\/\/valparaiso.proximasistemas.com.mx\/?valpa_blog_pt=el-duelo-dejar-ir#breadcrumb\"},\"inLanguage\":\"es\",\"potentialAction\":[{\"@type\":\"ReadAction\",\"target\":[\"https:\/\/valparaiso.proximasistemas.com.mx\/?valpa_blog_pt=el-duelo-dejar-ir\"]}]},{\"@type\":\"ImageObject\",\"inLanguage\":\"es\",\"@id\":\"https:\/\/valparaiso.proximasistemas.com.mx\/?valpa_blog_pt=el-duelo-dejar-ir#primaryimage\",\"url\":\"https:\/\/valparaiso.proximasistemas.com.mx\/wp-content\/uploads\/2025\/06\/articulo-blog-dejar-ir.jpg\",\"contentUrl\":\"https:\/\/valparaiso.proximasistemas.com.mx\/wp-content\/uploads\/2025\/06\/articulo-blog-dejar-ir.jpg\",\"width\":1500,\"height\":1500,\"caption\":\"Mujer de espalda abriendo los brazo y mirando al cielo.\"},{\"@type\":\"BreadcrumbList\",\"@id\":\"https:\/\/valparaiso.proximasistemas.com.mx\/?valpa_blog_pt=el-duelo-dejar-ir#breadcrumb\",\"itemListElement\":[{\"@type\":\"ListItem\",\"position\":1,\"name\":\"Portada\",\"item\":\"https:\/\/valparaiso.proximasistemas.com.mx\/\"},{\"@type\":\"ListItem\",\"position\":2,\"name\":\"Blog\",\"item\":\"https:\/\/valparaiso.proximasistemas.com.mx\/?post_type=valpa_blog_pt\"},{\"@type\":\"ListItem\",\"position\":3,\"name\":\"El duelo, dejar ir\"}]},{\"@type\":\"WebSite\",\"@id\":\"https:\/\/valparaiso.proximasistemas.com.mx\/#website\",\"url\":\"https:\/\/valparaiso.proximasistemas.com.mx\/\",\"name\":\"Valparaiso\",\"description\":\"Servicios Funerales\",\"publisher\":{\"@id\":\"https:\/\/valparaiso.proximasistemas.com.mx\/#organization\"},\"potentialAction\":[{\"@type\":\"SearchAction\",\"target\":{\"@type\":\"EntryPoint\",\"urlTemplate\":\"https:\/\/valparaiso.proximasistemas.com.mx\/?s={search_term_string}\"},\"query-input\":{\"@type\":\"PropertyValueSpecification\",\"valueRequired\":true,\"valueName\":\"search_term_string\"}}],\"inLanguage\":\"es\"},{\"@type\":\"Organization\",\"@id\":\"https:\/\/valparaiso.proximasistemas.com.mx\/#organization\",\"name\":\"Valparaiso\",\"url\":\"https:\/\/valparaiso.proximasistemas.com.mx\/\",\"logo\":{\"@type\":\"ImageObject\",\"inLanguage\":\"es\",\"@id\":\"https:\/\/valparaiso.proximasistemas.com.mx\/#\/schema\/logo\/image\/\",\"url\":\"https:\/\/valparaiso.proximasistemas.com.mx\/wp-content\/uploads\/2026\/03\/valparaiso.jpg\",\"contentUrl\":\"https:\/\/valparaiso.proximasistemas.com.mx\/wp-content\/uploads\/2026\/03\/valparaiso.jpg\",\"width\":659,\"height\":181,\"caption\":\"Valparaiso\"},\"image\":{\"@id\":\"https:\/\/valparaiso.proximasistemas.com.mx\/#\/schema\/logo\/image\/\"},\"sameAs\":[\"https:\/\/www.facebook.com\/FuneralesValparaiso\"]}]}<\/script>\n<!-- \/ Yoast SEO plugin. -->","yoast_head_json":{"title":"Blog | Valpara\u00edso","description":"Reflexiones y art\u00edculos sobre el duelo, la cultura funeraria y los procesos de despedida. Informaci\u00f3n clara, humana y respetuosa para acompa\u00f1arte en momentos dif\u00edciles.","robots":{"index":"index","follow":"follow","max-snippet":"max-snippet:-1","max-image-preview":"max-image-preview:large","max-video-preview":"max-video-preview:-1"},"canonical":"https:\/\/valparaiso.proximasistemas.com.mx\/?valpa_blog_pt=el-duelo-dejar-ir","og_locale":"es_ES","og_type":"article","og_title":"Blog | Valpara\u00edso","og_description":"Reflexiones y art\u00edculos sobre el duelo, la cultura funeraria y los procesos de despedida. Informaci\u00f3n clara, humana y respetuosa para acompa\u00f1arte en momentos dif\u00edciles.","og_url":"https:\/\/valparaiso.proximasistemas.com.mx\/?valpa_blog_pt=el-duelo-dejar-ir","og_site_name":"Valparaiso","article_publisher":"https:\/\/www.facebook.com\/FuneralesValparaiso","article_modified_time":"2025-06-27T16:15:39+00:00","og_image":[{"width":1500,"height":1500,"url":"https:\/\/valparaiso.proximasistemas.com.mx\/wp-content\/uploads\/2025\/06\/articulo-blog-dejar-ir.jpg","type":"image\/jpeg"}],"twitter_card":"summary_large_image","twitter_misc":{"Tiempo de lectura":"5 minutos"},"schema":{"@context":"https:\/\/schema.org","@graph":[{"@type":"WebPage","@id":"https:\/\/valparaiso.proximasistemas.com.mx\/?valpa_blog_pt=el-duelo-dejar-ir","url":"https:\/\/valparaiso.proximasistemas.com.mx\/?valpa_blog_pt=el-duelo-dejar-ir","name":"Blog | Valpara\u00edso","isPartOf":{"@id":"https:\/\/valparaiso.proximasistemas.com.mx\/#website"},"primaryImageOfPage":{"@id":"https:\/\/valparaiso.proximasistemas.com.mx\/?valpa_blog_pt=el-duelo-dejar-ir#primaryimage"},"image":{"@id":"https:\/\/valparaiso.proximasistemas.com.mx\/?valpa_blog_pt=el-duelo-dejar-ir#primaryimage"},"thumbnailUrl":"https:\/\/valparaiso.proximasistemas.com.mx\/wp-content\/uploads\/2025\/06\/articulo-blog-dejar-ir.jpg","datePublished":"2025-06-27T15:33:59+00:00","dateModified":"2025-06-27T16:15:39+00:00","description":"Reflexiones y art\u00edculos sobre el duelo, la cultura funeraria y los procesos de despedida. Informaci\u00f3n clara, humana y respetuosa para acompa\u00f1arte en momentos dif\u00edciles.","breadcrumb":{"@id":"https:\/\/valparaiso.proximasistemas.com.mx\/?valpa_blog_pt=el-duelo-dejar-ir#breadcrumb"},"inLanguage":"es","potentialAction":[{"@type":"ReadAction","target":["https:\/\/valparaiso.proximasistemas.com.mx\/?valpa_blog_pt=el-duelo-dejar-ir"]}]},{"@type":"ImageObject","inLanguage":"es","@id":"https:\/\/valparaiso.proximasistemas.com.mx\/?valpa_blog_pt=el-duelo-dejar-ir#primaryimage","url":"https:\/\/valparaiso.proximasistemas.com.mx\/wp-content\/uploads\/2025\/06\/articulo-blog-dejar-ir.jpg","contentUrl":"https:\/\/valparaiso.proximasistemas.com.mx\/wp-content\/uploads\/2025\/06\/articulo-blog-dejar-ir.jpg","width":1500,"height":1500,"caption":"Mujer de espalda abriendo los brazo y mirando al cielo."},{"@type":"BreadcrumbList","@id":"https:\/\/valparaiso.proximasistemas.com.mx\/?valpa_blog_pt=el-duelo-dejar-ir#breadcrumb","itemListElement":[{"@type":"ListItem","position":1,"name":"Portada","item":"https:\/\/valparaiso.proximasistemas.com.mx\/"},{"@type":"ListItem","position":2,"name":"Blog","item":"https:\/\/valparaiso.proximasistemas.com.mx\/?post_type=valpa_blog_pt"},{"@type":"ListItem","position":3,"name":"El duelo, dejar ir"}]},{"@type":"WebSite","@id":"https:\/\/valparaiso.proximasistemas.com.mx\/#website","url":"https:\/\/valparaiso.proximasistemas.com.mx\/","name":"Valparaiso","description":"Servicios Funerales","publisher":{"@id":"https:\/\/valparaiso.proximasistemas.com.mx\/#organization"},"potentialAction":[{"@type":"SearchAction","target":{"@type":"EntryPoint","urlTemplate":"https:\/\/valparaiso.proximasistemas.com.mx\/?s={search_term_string}"},"query-input":{"@type":"PropertyValueSpecification","valueRequired":true,"valueName":"search_term_string"}}],"inLanguage":"es"},{"@type":"Organization","@id":"https:\/\/valparaiso.proximasistemas.com.mx\/#organization","name":"Valparaiso","url":"https:\/\/valparaiso.proximasistemas.com.mx\/","logo":{"@type":"ImageObject","inLanguage":"es","@id":"https:\/\/valparaiso.proximasistemas.com.mx\/#\/schema\/logo\/image\/","url":"https:\/\/valparaiso.proximasistemas.com.mx\/wp-content\/uploads\/2026\/03\/valparaiso.jpg","contentUrl":"https:\/\/valparaiso.proximasistemas.com.mx\/wp-content\/uploads\/2026\/03\/valparaiso.jpg","width":659,"height":181,"caption":"Valparaiso"},"image":{"@id":"https:\/\/valparaiso.proximasistemas.com.mx\/#\/schema\/logo\/image\/"},"sameAs":["https:\/\/www.facebook.com\/FuneralesValparaiso"]}]}},"_links":{"self":[{"href":"https:\/\/valparaiso.proximasistemas.com.mx\/index.php?rest_route=\/wp\/v2\/valpa_blog_pt\/63574","targetHints":{"allow":["GET"]}}],"collection":[{"href":"https:\/\/valparaiso.proximasistemas.com.mx\/index.php?rest_route=\/wp\/v2\/valpa_blog_pt"}],"about":[{"href":"https:\/\/valparaiso.proximasistemas.com.mx\/index.php?rest_route=\/wp\/v2\/types\/valpa_blog_pt"}],"wp:featuredmedia":[{"embeddable":true,"href":"https:\/\/valparaiso.proximasistemas.com.mx\/index.php?rest_route=\/wp\/v2\/media\/63569"}],"wp:attachment":[{"href":"https:\/\/valparaiso.proximasistemas.com.mx\/index.php?rest_route=%2Fwp%2Fv2%2Fmedia&parent=63574"}],"wp:term":[{"taxonomy":"category","embeddable":true,"href":"https:\/\/valparaiso.proximasistemas.com.mx\/index.php?rest_route=%2Fwp%2Fv2%2Fcategories&post=63574"}],"curies":[{"name":"wp","href":"https:\/\/api.w.org\/{rel}","templated":true}]}}